{"id":2353,"date":"2024-04-10T16:27:13","date_gmt":"2024-04-10T14:27:13","guid":{"rendered":"https:\/\/www.irinaalexandru.com\/?p=2353"},"modified":"2024-10-29T21:28:26","modified_gmt":"2024-10-29T20:28:26","slug":"somnul-ca-mecanism-de-coping","status":"publish","type":"post","link":"https:\/\/www.irinaalexandru.com\/en\/somnul-ca-mecanism-de-coping\/","title":{"rendered":"Sleep as a coping mechanism"},"content":{"rendered":"<div data-elementor-type=\"wp-post\" data-elementor-id=\"2353\" class=\"elementor elementor-2353\">\n\t\t\t\t<div class=\"elementor-element elementor-element-d2019e7 e-flex e-con-boxed e-con e-parent\" data-id=\"d2019e7\" data-element_type=\"container\" data-e-type=\"container\">\n\t\t\t\t\t<div class=\"e-con-inner\">\n\t\t\t\t<div class=\"elementor-element elementor-element-fd23d24 elementor-widget elementor-widget-image\" data-id=\"fd23d24\" data-element_type=\"widget\" data-e-type=\"widget\" data-widget_type=\"image.default\">\n\t\t\t\t<div class=\"elementor-widget-container\">\n\t\t\t\t\t\t\t\t\t\t\t\t\t\t\t<img fetchpriority=\"high\" decoding=\"async\" width=\"300\" height=\"300\" src=\"https:\/\/www.irinaalexandru.com\/wp-content\/uploads\/2024\/04\/student-5752322_1280-1-300x300.png\" class=\"attachment-woocommerce_thumbnail size-woocommerce_thumbnail wp-image-2364\" alt=\"\" srcset=\"https:\/\/www.irinaalexandru.com\/wp-content\/uploads\/2024\/04\/student-5752322_1280-1-300x300.png 300w, https:\/\/www.irinaalexandru.com\/wp-content\/uploads\/2024\/04\/student-5752322_1280-1-150x150.png 150w, https:\/\/www.irinaalexandru.com\/wp-content\/uploads\/2024\/04\/student-5752322_1280-1-100x100.png 100w\" sizes=\"(max-width: 300px) 100vw, 300px\" \/>\t\t\t\t\t\t\t\t\t\t\t\t\t\t\t<\/div>\n\t\t\t\t<\/div>\n\t\t\t\t\t<\/div>\n\t\t\t\t<\/div>\n\t\t<div class=\"elementor-element elementor-element-9e87ed2 e-flex e-con-boxed e-con e-parent\" data-id=\"9e87ed2\" data-element_type=\"container\" data-e-type=\"container\">\n\t\t\t\t\t<div class=\"e-con-inner\">\n\t\t\t\t<div class=\"elementor-element elementor-element-f0bc915 elementor-widget elementor-widget-text-editor\" data-id=\"f0bc915\" data-element_type=\"widget\" data-e-type=\"widget\" data-widget_type=\"text-editor.default\">\n\t\t\t\t<div class=\"elementor-widget-container\">\n\t\t\t\t\t\t\t\t\t<p>Anca has been exploring for a few minutes what activity could bring her some joy. Her whole day has been kind of turned upside down and she wants to change that. She does not like any of the possibilities, she feels an unpleasant state in her body, tension in her neck muscles and a pressure in her temples. I ask her if she slept well... she says no. I suggest a short sleep of approx. 15 min, to refresh her mind a little. She writes to me after two hours that she feels much better, that she didn't even realize how tired she really was.<\/p><p>\"What are you doing, you're slow as a sleeping elephant?\"<\/p><p>\u201eHe sleeps like a lazybones instead of working!\u201d<\/p><p>\"I'll have time to sleep when I'm gone, now I have work!\"<\/p><p>\"Life passes you by while you sleep\"<\/p><p>How do you feel when you hear or think of one of the above phrases? If you think that they clash with other inherited or learned thoughts like \"I'm not good enough\", then things really get interesting and you get more and more tired. I have met many tired people who know they should take a break or sleep, but never actually do it. Because \"knowing\" is not enough, it is necessary to unpack the thoughts and emotions behind the blockage and to consciously recreate another course of action.<\/p><p>I really remember during work colleagues who had long dark circles under their and many coffees. They commanded a certain respect because they worked a lot in an infernal rhythm sprinkled with many sarcastic witticisms about life and about others, less resistant to fatigue. This is to say that the attitude towards sleep and rest is also culturally learned. How many of us have the image of an efficient person when we hear that a colleague slept for 20 minutes at lunch?<\/p><p>How to manage your emotions better? It starts with a rested brain, especially because the work of recreating new emotional responses is also done by it.<\/p><p>What do you think about yourself if you sleep during the day?<\/p><p>What do you turn to to feel better when you're exhausted?<\/p><p>Here are some studies:<\/p><p><strong>The Impact of Sleep on Emotional Regulation and Stress<\/strong><\/p><p><u>Sleep and Emotion Regulation<\/u>: A study published by Walker and colleagues in \"Current Biology\" (2009) demonstrates that sleep deprivation affects the brain's emotional circuitry, intensifying negative emotional reactions. The results suggest that adequate sleep helps restore emotional balance.<\/p><p><u>Sleep and Resilience to Stress<\/u>: A study by Drummond and colleagues, published in \"Psychosomatic Medicine\" (2006), found that sleep deprivation reduces the ability to cope with stress, suggesting that good sleep may play a role in developing resilience to stress.<\/p><p><strong>The Benefits of Sleep for Mental Health<\/strong><\/p><p>A growing number of studies point to a close connection between sleep and mental health. For example, a study by Baglioni and colleagues published in Sleep Medicine Reviews (2010) reviews the link between insomnia and various psychiatric disorders, including depression and anxiety, suggesting that sleep management may be crucial to the treatment of these conditions.<\/p><p><a href=\"https:\/\/www.irinaalexandru.com\/en\/contact\/\">Book an appointment<\/a> for a counseling session to discover together how I can accompany you on your inner journey.<\/p>\t\t\t\t\t\t\t\t<\/div>\n\t\t\t\t<\/div>\n\t\t\t\t\t<\/div>\n\t\t\t\t<\/div>\n\t\t\t\t<\/div>","protected":false},"excerpt":{"rendered":"<p>Anca exploreaz\u0103 de c\u00e2teva minute ce activitate i-ar putea aduce ceva bucurie, toat\u0103 ziua a fost cam \u00eentoars\u0103 pe dos \u015fi vrea s\u0103 schimbe asta. Nici una dintre posibilit\u0103\u0163i nu-i place, simte o stare nepl\u0103cut\u0103 \u00een corp, tensiune \u00een mu\u015fchii g\u0103tului \u015fi o presiune \u00een zona t\u00e2mplelor. O \u00eentreb dac\u0103 a dormit bine &#8230; spune [&hellip;]<\/p>\n","protected":false},"author":1,"featured_media":0,"comment_status":"open","ping_status":"open","sticky":false,"template":"","format":"standard","meta":{"_uag_custom_page_level_css":"","site-sidebar-layout":"default","site-content-layout":"","ast-site-content-layout":"default","site-content-style":"default","site-sidebar-style":"default","ast-global-header-display":"","ast-banner-title-visibility":"","ast-main-header-display":"","ast-hfb-above-header-display":"","ast-hfb-below-header-display":"","ast-hfb-mobile-header-display":"","site-post-title":"","ast-breadcrumbs-content":"","ast-featured-img":"","footer-sml-layout":"","theme-transparent-header-meta":"","adv-header-id-meta":"","stick-header-meta":"","header-above-stick-meta":"","header-main-stick-meta":"","header-below-stick-meta":"","astra-migrate-meta-layouts":"set","ast-page-background-enabled":"default","ast-page-background-meta":{"desktop":{"background-color":"var(--ast-global-color-4)","background-image":"","background-repeat":"repeat","background-position":"center center","background-size":"auto","background-attachment":"scroll","background-type":"","background-media":"","overlay-type":"","overlay-color":"","overlay-opacity":"","overlay-gradient":""},"tablet":{"background-color":"","background-image":"","background-repeat":"repeat","background-position":"center center","background-size":"auto","background-attachment":"scroll","background-type":"","background-media":"","overlay-type":"","overlay-color":"","overlay-opacity":"","overlay-gradient":""},"mobile":{"background-color":"","background-image":"","background-repeat":"repeat","background-position":"center center","background-size":"auto","background-attachment":"scroll","background-type":"","background-media":"","overlay-type":"","overlay-color":"","overlay-opacity":"","overlay-gradient":""}},"ast-content-background-meta":{"desktop":{"background-color":"var(--ast-global-color-5)","background-image":"","background-repeat":"repeat","background-position":"center center","background-size":"auto","background-attachment":"scroll","background-type":"","background-media":"","overlay-type":"","overlay-color":"","overlay-opacity":"","overlay-gradient":""},"tablet":{"background-color":"var(--ast-global-color-5)","background-image":"","background-repeat":"repeat","background-position":"center center","background-size":"auto","background-attachment":"scroll","background-type":"","background-media":"","overlay-type":"","overlay-color":"","overlay-opacity":"","overlay-gradient":""},"mobile":{"background-color":"var(--ast-global-color-5)","background-image":"","background-repeat":"repeat","background-position":"center center","background-size":"auto","background-attachment":"scroll","background-type":"","background-media":"","overlay-type":"","overlay-color":"","overlay-opacity":"","overlay-gradient":""}},"_jetpack_memberships_contains_paid_content":false,"footnotes":""},"categories":[6],"tags":[],"class_list":["post-2353","post","type-post","status-publish","format-standard","hentry","category-blog"],"yoast_head":"<!-- This site is optimized with the Yoast SEO plugin v27.4 - https:\/\/yoast.com\/product\/yoast-seo-wordpress\/ -->\n<title>Somnul ca mecanism de coping<\/title>\n<meta name=\"description\" content=\"Cum s\u0103-\u0163i gestionezi emo\u0163iile mai bine? \u00cencepe cu un creier odihnit, mai ales pentru c\u0103 el restabileste echilibrul emotional.\" \/>\n<meta name=\"robots\" content=\"index, follow, max-snippet:-1, max-image-preview:large, max-video-preview:-1\" \/>\n<link rel=\"canonical\" href=\"https:\/\/www.irinaalexandru.com\/en\/somnul-ca-mecanism-de-coping\/\" \/>\n<meta property=\"og:locale\" content=\"en_US\" \/>\n<meta property=\"og:type\" content=\"article\" \/>\n<meta property=\"og:title\" content=\"Somnul ca mecanism de coping\" \/>\n<meta property=\"og:description\" content=\"Cum s\u0103-\u0163i gestionezi emo\u0163iile mai bine? \u00cencepe cu un creier odihnit, mai ales pentru c\u0103 el restabileste echilibrul emotional.\" \/>\n<meta property=\"og:url\" content=\"https:\/\/www.irinaalexandru.com\/en\/somnul-ca-mecanism-de-coping\/\" \/>\n<meta property=\"article:publisher\" content=\"https:\/\/www.facebook.com\/profile.php?id=61556596632964\" \/>\n<meta property=\"article:author\" content=\"https:\/\/www.facebook.com\/profile.php?id=61556596632964\" \/>\n<meta property=\"article:published_time\" content=\"2024-04-10T14:27:13+00:00\" \/>\n<meta property=\"article:modified_time\" content=\"2024-10-29T20:28:26+00:00\" \/>\n<meta property=\"og:image\" content=\"https:\/\/www.irinaalexandru.com\/wp-content\/uploads\/2024\/04\/student-5752322_1280-1.png\" \/>\n\t<meta property=\"og:image:width\" content=\"1280\" \/>\n\t<meta property=\"og:image:height\" content=\"816\" \/>\n\t<meta property=\"og:image:type\" content=\"image\/png\" \/>\n<meta name=\"author\" content=\"Irina Alexandru\" \/>\n<meta name=\"twitter:card\" content=\"summary_large_image\" \/>\n<meta name=\"twitter:label1\" content=\"Written by\" \/>\n\t<meta name=\"twitter:data1\" content=\"Irina Alexandru\" \/>\n\t<meta name=\"twitter:label2\" content=\"Est. reading time\" \/>\n\t<meta name=\"twitter:data2\" content=\"3 minutes\" \/>\n<script type=\"application\/ld+json\" class=\"yoast-schema-graph\">{\"@context\":\"https:\\\/\\\/schema.org\",\"@graph\":[{\"@type\":\"Article\",\"@id\":\"https:\\\/\\\/www.irinaalexandru.com\\\/somnul-ca-mecanism-de-coping\\\/#article\",\"isPartOf\":{\"@id\":\"https:\\\/\\\/www.irinaalexandru.com\\\/somnul-ca-mecanism-de-coping\\\/\"},\"author\":{\"name\":\"Irina Alexandru\",\"@id\":\"https:\\\/\\\/www.irinaalexandru.com\\\/#\\\/schema\\\/person\\\/f09311d5ac95df2d454b22b475bf1df1\"},\"headline\":\"Somnul ca mecanism de coping\",\"datePublished\":\"2024-04-10T14:27:13+00:00\",\"dateModified\":\"2024-10-29T20:28:26+00:00\",\"mainEntityOfPage\":{\"@id\":\"https:\\\/\\\/www.irinaalexandru.com\\\/somnul-ca-mecanism-de-coping\\\/\"},\"wordCount\":609,\"commentCount\":0,\"publisher\":{\"@id\":\"https:\\\/\\\/www.irinaalexandru.com\\\/#organization\"},\"image\":{\"@id\":\"https:\\\/\\\/www.irinaalexandru.com\\\/somnul-ca-mecanism-de-coping\\\/#primaryimage\"},\"thumbnailUrl\":\"https:\\\/\\\/www.irinaalexandru.com\\\/wp-content\\\/uploads\\\/2024\\\/04\\\/student-5752322_1280-1-300x300.png\",\"articleSection\":[\"Blog\"],\"inLanguage\":\"en-US\",\"potentialAction\":[{\"@type\":\"CommentAction\",\"name\":\"Comment\",\"target\":[\"https:\\\/\\\/www.irinaalexandru.com\\\/somnul-ca-mecanism-de-coping\\\/#respond\"]}]},{\"@type\":\"WebPage\",\"@id\":\"https:\\\/\\\/www.irinaalexandru.com\\\/somnul-ca-mecanism-de-coping\\\/\",\"url\":\"https:\\\/\\\/www.irinaalexandru.com\\\/somnul-ca-mecanism-de-coping\\\/\",\"name\":\"Somnul ca mecanism de coping\",\"isPartOf\":{\"@id\":\"https:\\\/\\\/www.irinaalexandru.com\\\/#website\"},\"primaryImageOfPage\":{\"@id\":\"https:\\\/\\\/www.irinaalexandru.com\\\/somnul-ca-mecanism-de-coping\\\/#primaryimage\"},\"image\":{\"@id\":\"https:\\\/\\\/www.irinaalexandru.com\\\/somnul-ca-mecanism-de-coping\\\/#primaryimage\"},\"thumbnailUrl\":\"https:\\\/\\\/www.irinaalexandru.com\\\/wp-content\\\/uploads\\\/2024\\\/04\\\/student-5752322_1280-1-300x300.png\",\"datePublished\":\"2024-04-10T14:27:13+00:00\",\"dateModified\":\"2024-10-29T20:28:26+00:00\",\"description\":\"Cum s\u0103-\u0163i gestionezi emo\u0163iile mai bine? \u00cencepe cu un creier odihnit, mai ales pentru c\u0103 el restabileste echilibrul emotional.\",\"breadcrumb\":{\"@id\":\"https:\\\/\\\/www.irinaalexandru.com\\\/somnul-ca-mecanism-de-coping\\\/#breadcrumb\"},\"inLanguage\":\"en-US\",\"potentialAction\":[{\"@type\":\"ReadAction\",\"target\":[\"https:\\\/\\\/www.irinaalexandru.com\\\/somnul-ca-mecanism-de-coping\\\/\"]}]},{\"@type\":\"ImageObject\",\"inLanguage\":\"en-US\",\"@id\":\"https:\\\/\\\/www.irinaalexandru.com\\\/somnul-ca-mecanism-de-coping\\\/#primaryimage\",\"url\":\"https:\\\/\\\/www.irinaalexandru.com\\\/wp-content\\\/uploads\\\/2024\\\/04\\\/student-5752322_1280-1-300x300.png\",\"contentUrl\":\"https:\\\/\\\/www.irinaalexandru.com\\\/wp-content\\\/uploads\\\/2024\\\/04\\\/student-5752322_1280-1-300x300.png\"},{\"@type\":\"BreadcrumbList\",\"@id\":\"https:\\\/\\\/www.irinaalexandru.com\\\/somnul-ca-mecanism-de-coping\\\/#breadcrumb\",\"itemListElement\":[{\"@type\":\"ListItem\",\"position\":1,\"name\":\"Home\",\"item\":\"https:\\\/\\\/www.irinaalexandru.com\\\/\"},{\"@type\":\"ListItem\",\"position\":2,\"name\":\"Somnul ca mecanism de coping\"}]},{\"@type\":\"WebSite\",\"@id\":\"https:\\\/\\\/www.irinaalexandru.com\\\/#website\",\"url\":\"https:\\\/\\\/www.irinaalexandru.com\\\/\",\"name\":\"Psih. Irina Alexandru - Terapie \u015fi coaching pentru antreprenori\",\"description\":\"Psiholog Online | Terapie \u015fi coaching pentru antreprenori la \u00eenceput de drum sau \u00eentr-un moment de blocaj.\",\"publisher\":{\"@id\":\"https:\\\/\\\/www.irinaalexandru.com\\\/#organization\"},\"potentialAction\":[{\"@type\":\"SearchAction\",\"target\":{\"@type\":\"EntryPoint\",\"urlTemplate\":\"https:\\\/\\\/www.irinaalexandru.com\\\/?s={search_term_string}\"},\"query-input\":{\"@type\":\"PropertyValueSpecification\",\"valueRequired\":true,\"valueName\":\"search_term_string\"}}],\"inLanguage\":\"en-US\"},{\"@type\":\"Organization\",\"@id\":\"https:\\\/\\\/www.irinaalexandru.com\\\/#organization\",\"name\":\"Irina Alexandru - Cabinet Individual de Psihologie\",\"url\":\"https:\\\/\\\/www.irinaalexandru.com\\\/\",\"logo\":{\"@type\":\"ImageObject\",\"inLanguage\":\"en-US\",\"@id\":\"https:\\\/\\\/www.irinaalexandru.com\\\/#\\\/schema\\\/logo\\\/image\\\/\",\"url\":\"https:\\\/\\\/www.irinaalexandru.com\\\/wp-content\\\/uploads\\\/2024\\\/10\\\/Logo_Irina-Alexandru_Goldie_V2-04.png\",\"contentUrl\":\"https:\\\/\\\/www.irinaalexandru.com\\\/wp-content\\\/uploads\\\/2024\\\/10\\\/Logo_Irina-Alexandru_Goldie_V2-04.png\",\"width\":5000,\"height\":5000,\"caption\":\"Irina Alexandru - Cabinet Individual de Psihologie\"},\"image\":{\"@id\":\"https:\\\/\\\/www.irinaalexandru.com\\\/#\\\/schema\\\/logo\\\/image\\\/\"},\"sameAs\":[\"https:\\\/\\\/www.facebook.com\\\/profile.php?id=61556596632964\",\"https:\\\/\\\/www.instagram.com\\\/psih_irina_alexandru\\\/\"]},{\"@type\":\"Person\",\"@id\":\"https:\\\/\\\/www.irinaalexandru.com\\\/#\\\/schema\\\/person\\\/f09311d5ac95df2d454b22b475bf1df1\",\"name\":\"Irina Alexandru\",\"image\":{\"@type\":\"ImageObject\",\"inLanguage\":\"en-US\",\"@id\":\"https:\\\/\\\/secure.gravatar.com\\\/avatar\\\/701ace76d701b9fe629c2181b63778bce4fdefece10827c5f21f9f7ec95ce9d3?s=96&d=mm&r=g\",\"url\":\"https:\\\/\\\/secure.gravatar.com\\\/avatar\\\/701ace76d701b9fe629c2181b63778bce4fdefece10827c5f21f9f7ec95ce9d3?s=96&d=mm&r=g\",\"contentUrl\":\"https:\\\/\\\/secure.gravatar.com\\\/avatar\\\/701ace76d701b9fe629c2181b63778bce4fdefece10827c5f21f9f7ec95ce9d3?s=96&d=mm&r=g\",\"caption\":\"Irina Alexandru\"},\"description\":\"Sunt psiholog clinician \u00een supervizare \u0219i m\u0103 formez \u00een present \u00een psihoterapia sistemic\u0103 de familie \u0219i de cuplu. Formarea \u00een Coaching Strategic a lui Tony Robbins \u00eemi completeaz\u0103 abilit\u0103\u021bile de consiliere \u0219i abordarea sistemic\u0103 a situa\u021biilor.\",\"sameAs\":[\"http:\\\/\\\/www.irinaalexandru.com\",\"https:\\\/\\\/www.facebook.com\\\/profile.php?id=61556596632964\",\"https:\\\/\\\/www.instagram.com\\\/psih_irina_alexandru\\\/\",\"https:\\\/\\\/www.linkedin.com\\\/in\\\/irina-alexandru-858518105\\\/\"]}]}<\/script>\n<!-- \/ Yoast SEO plugin. -->","yoast_head_json":{"title":"Sleep as a coping mechanism","description":"Cum s\u0103-\u0163i gestionezi emo\u0163iile mai bine? \u00cencepe cu un creier odihnit, mai ales pentru c\u0103 el restabileste echilibrul emotional.","robots":{"index":"index","follow":"follow","max-snippet":"max-snippet:-1","max-image-preview":"max-image-preview:large","max-video-preview":"max-video-preview:-1"},"canonical":"https:\/\/www.irinaalexandru.com\/en\/somnul-ca-mecanism-de-coping\/","og_locale":"en_US","og_type":"article","og_title":"Somnul ca mecanism de coping","og_description":"Cum s\u0103-\u0163i gestionezi emo\u0163iile mai bine? \u00cencepe cu un creier odihnit, mai ales pentru c\u0103 el restabileste echilibrul emotional.","og_url":"https:\/\/www.irinaalexandru.com\/en\/somnul-ca-mecanism-de-coping\/","article_publisher":"https:\/\/www.facebook.com\/profile.php?id=61556596632964","article_author":"https:\/\/www.facebook.com\/profile.php?id=61556596632964","article_published_time":"2024-04-10T14:27:13+00:00","article_modified_time":"2024-10-29T20:28:26+00:00","og_image":[{"width":1280,"height":816,"url":"https:\/\/www.irinaalexandru.com\/wp-content\/uploads\/2024\/04\/student-5752322_1280-1.png","type":"image\/png"}],"author":"Irina Alexandru","twitter_card":"summary_large_image","twitter_misc":{"Written by":"Irina Alexandru","Est. reading time":"3 minutes"},"schema":{"@context":"https:\/\/schema.org","@graph":[{"@type":"Article","@id":"https:\/\/www.irinaalexandru.com\/somnul-ca-mecanism-de-coping\/#article","isPartOf":{"@id":"https:\/\/www.irinaalexandru.com\/somnul-ca-mecanism-de-coping\/"},"author":{"name":"Irina Alexandru","@id":"https:\/\/www.irinaalexandru.com\/#\/schema\/person\/f09311d5ac95df2d454b22b475bf1df1"},"headline":"Somnul ca mecanism de coping","datePublished":"2024-04-10T14:27:13+00:00","dateModified":"2024-10-29T20:28:26+00:00","mainEntityOfPage":{"@id":"https:\/\/www.irinaalexandru.com\/somnul-ca-mecanism-de-coping\/"},"wordCount":609,"commentCount":0,"publisher":{"@id":"https:\/\/www.irinaalexandru.com\/#organization"},"image":{"@id":"https:\/\/www.irinaalexandru.com\/somnul-ca-mecanism-de-coping\/#primaryimage"},"thumbnailUrl":"https:\/\/www.irinaalexandru.com\/wp-content\/uploads\/2024\/04\/student-5752322_1280-1-300x300.png","articleSection":["Blog"],"inLanguage":"en-US","potentialAction":[{"@type":"CommentAction","name":"Comment","target":["https:\/\/www.irinaalexandru.com\/somnul-ca-mecanism-de-coping\/#respond"]}]},{"@type":"WebPage","@id":"https:\/\/www.irinaalexandru.com\/somnul-ca-mecanism-de-coping\/","url":"https:\/\/www.irinaalexandru.com\/somnul-ca-mecanism-de-coping\/","name":"Sleep as a coping mechanism","isPartOf":{"@id":"https:\/\/www.irinaalexandru.com\/#website"},"primaryImageOfPage":{"@id":"https:\/\/www.irinaalexandru.com\/somnul-ca-mecanism-de-coping\/#primaryimage"},"image":{"@id":"https:\/\/www.irinaalexandru.com\/somnul-ca-mecanism-de-coping\/#primaryimage"},"thumbnailUrl":"https:\/\/www.irinaalexandru.com\/wp-content\/uploads\/2024\/04\/student-5752322_1280-1-300x300.png","datePublished":"2024-04-10T14:27:13+00:00","dateModified":"2024-10-29T20:28:26+00:00","description":"Cum s\u0103-\u0163i gestionezi emo\u0163iile mai bine? \u00cencepe cu un creier odihnit, mai ales pentru c\u0103 el restabileste echilibrul emotional.","breadcrumb":{"@id":"https:\/\/www.irinaalexandru.com\/somnul-ca-mecanism-de-coping\/#breadcrumb"},"inLanguage":"en-US","potentialAction":[{"@type":"ReadAction","target":["https:\/\/www.irinaalexandru.com\/somnul-ca-mecanism-de-coping\/"]}]},{"@type":"ImageObject","inLanguage":"en-US","@id":"https:\/\/www.irinaalexandru.com\/somnul-ca-mecanism-de-coping\/#primaryimage","url":"https:\/\/www.irinaalexandru.com\/wp-content\/uploads\/2024\/04\/student-5752322_1280-1-300x300.png","contentUrl":"https:\/\/www.irinaalexandru.com\/wp-content\/uploads\/2024\/04\/student-5752322_1280-1-300x300.png"},{"@type":"BreadcrumbList","@id":"https:\/\/www.irinaalexandru.com\/somnul-ca-mecanism-de-coping\/#breadcrumb","itemListElement":[{"@type":"ListItem","position":1,"name":"Home","item":"https:\/\/www.irinaalexandru.com\/"},{"@type":"ListItem","position":2,"name":"Somnul ca mecanism de coping"}]},{"@type":"WebSite","@id":"https:\/\/www.irinaalexandru.com\/#website","url":"https:\/\/www.irinaalexandru.com\/","name":"Psih. Irina Alexandru - Terapie \u015fi coaching pentru antreprenori","description":"Psiholog Online | Terapie \u015fi coaching pentru antreprenori la \u00eenceput de drum sau \u00eentr-un moment de blocaj.","publisher":{"@id":"https:\/\/www.irinaalexandru.com\/#organization"},"potentialAction":[{"@type":"SearchAction","target":{"@type":"EntryPoint","urlTemplate":"https:\/\/www.irinaalexandru.com\/?s={search_term_string}"},"query-input":{"@type":"PropertyValueSpecification","valueRequired":true,"valueName":"search_term_string"}}],"inLanguage":"en-US"},{"@type":"Organization","@id":"https:\/\/www.irinaalexandru.com\/#organization","name":"Irina Alexandru - Cabinet Individual de Psihologie","url":"https:\/\/www.irinaalexandru.com\/","logo":{"@type":"ImageObject","inLanguage":"en-US","@id":"https:\/\/www.irinaalexandru.com\/#\/schema\/logo\/image\/","url":"https:\/\/www.irinaalexandru.com\/wp-content\/uploads\/2024\/10\/Logo_Irina-Alexandru_Goldie_V2-04.png","contentUrl":"https:\/\/www.irinaalexandru.com\/wp-content\/uploads\/2024\/10\/Logo_Irina-Alexandru_Goldie_V2-04.png","width":5000,"height":5000,"caption":"Irina Alexandru - Cabinet Individual de Psihologie"},"image":{"@id":"https:\/\/www.irinaalexandru.com\/#\/schema\/logo\/image\/"},"sameAs":["https:\/\/www.facebook.com\/profile.php?id=61556596632964","https:\/\/www.instagram.com\/psih_irina_alexandru\/"]},{"@type":"Person","@id":"https:\/\/www.irinaalexandru.com\/#\/schema\/person\/f09311d5ac95df2d454b22b475bf1df1","name":"Irina Alexandru","image":{"@type":"ImageObject","inLanguage":"en-US","@id":"https:\/\/secure.gravatar.com\/avatar\/701ace76d701b9fe629c2181b63778bce4fdefece10827c5f21f9f7ec95ce9d3?s=96&d=mm&r=g","url":"https:\/\/secure.gravatar.com\/avatar\/701ace76d701b9fe629c2181b63778bce4fdefece10827c5f21f9f7ec95ce9d3?s=96&d=mm&r=g","contentUrl":"https:\/\/secure.gravatar.com\/avatar\/701ace76d701b9fe629c2181b63778bce4fdefece10827c5f21f9f7ec95ce9d3?s=96&d=mm&r=g","caption":"Irina Alexandru"},"description":"I am clinical psychologist under supervision and I am currently training in systemic family and couples psychotherapy. Tony Robbins' Strategic Coaching training complements my counseling skills and systemic approach to situations.","sameAs":["http:\/\/www.irinaalexandru.com","https:\/\/www.facebook.com\/profile.php?id=61556596632964","https:\/\/www.instagram.com\/psih_irina_alexandru\/","https:\/\/www.linkedin.com\/in\/irina-alexandru-858518105\/"]}]}},"jetpack_featured_media_url":"","uagb_featured_image_src":{"full":false,"thumbnail":false,"medium":false,"medium_large":false,"large":false,"1536x1536":false,"2048x2048":false,"trp-custom-language-flag":false,"woocommerce_thumbnail":false,"woocommerce_single":false,"woocommerce_gallery_thumbnail":false},"uagb_author_info":{"display_name":"Irina Alexandru","author_link":"https:\/\/www.irinaalexandru.com\/en\/author\/admin8202\/"},"uagb_comment_info":118,"uagb_excerpt":"Anca exploreaz\u0103 de c\u00e2teva minute ce activitate i-ar putea aduce ceva bucurie, toat\u0103 ziua a fost cam \u00eentoars\u0103 pe dos \u015fi vrea s\u0103 schimbe asta. Nici una dintre posibilit\u0103\u0163i nu-i place, simte o stare nepl\u0103cut\u0103 \u00een corp, tensiune \u00een mu\u015fchii g\u0103tului \u015fi o presiune \u00een zona t\u00e2mplelor. O \u00eentreb dac\u0103 a dormit bine &#8230; spune&hellip;","jetpack_sharing_enabled":true,"rttpg_featured_image_url":null,"rttpg_author":{"display_name":"Irina Alexandru","author_link":"https:\/\/www.irinaalexandru.com\/en\/author\/admin8202\/"},"rttpg_comment":118,"rttpg_category":"<a href=\"https:\/\/www.irinaalexandru.com\/en\/category\/blog\/\" rel=\"category tag\">Blog<\/a>","rttpg_excerpt":"Anca exploreaz\u0103 de c\u00e2teva minute ce activitate i-ar putea aduce ceva bucurie, toat\u0103 ziua a fost cam \u00eentoars\u0103 pe dos \u015fi vrea s\u0103 schimbe asta. Nici una dintre posibilit\u0103\u0163i nu-i place, simte o stare nepl\u0103cut\u0103 \u00een corp, tensiune \u00een mu\u015fchii g\u0103tului \u015fi o presiune \u00een zona t\u00e2mplelor. O \u00eentreb dac\u0103 a dormit bine &#8230; spune&hellip;","_links":{"self":[{"href":"https:\/\/www.irinaalexandru.com\/en\/wp-json\/wp\/v2\/posts\/2353","targetHints":{"allow":["GET"]}}],"collection":[{"href":"https:\/\/www.irinaalexandru.com\/en\/wp-json\/wp\/v2\/posts"}],"about":[{"href":"https:\/\/www.irinaalexandru.com\/en\/wp-json\/wp\/v2\/types\/post"}],"author":[{"embeddable":true,"href":"https:\/\/www.irinaalexandru.com\/en\/wp-json\/wp\/v2\/users\/1"}],"replies":[{"embeddable":true,"href":"https:\/\/www.irinaalexandru.com\/en\/wp-json\/wp\/v2\/comments?post=2353"}],"version-history":[{"count":13,"href":"https:\/\/www.irinaalexandru.com\/en\/wp-json\/wp\/v2\/posts\/2353\/revisions"}],"predecessor-version":[{"id":2623,"href":"https:\/\/www.irinaalexandru.com\/en\/wp-json\/wp\/v2\/posts\/2353\/revisions\/2623"}],"wp:attachment":[{"href":"https:\/\/www.irinaalexandru.com\/en\/wp-json\/wp\/v2\/media?parent=2353"}],"wp:term":[{"taxonomy":"category","embeddable":true,"href":"https:\/\/www.irinaalexandru.com\/en\/wp-json\/wp\/v2\/categories?post=2353"},{"taxonomy":"post_tag","embeddable":true,"href":"https:\/\/www.irinaalexandru.com\/en\/wp-json\/wp\/v2\/tags?post=2353"}],"curies":[{"name":"wp","href":"https:\/\/api.w.org\/{rel}","templated":true}]}}